{"id":187,"date":"2019-01-15T21:53:03","date_gmt":"2019-01-15T21:53:03","guid":{"rendered":"http:\/\/www.archiviogiopomodoro.it\/main\/?p=187"},"modified":"2019-02-19T14:29:11","modified_gmt":"2019-02-19T14:29:11","slug":"amaretto","status":"publish","type":"post","link":"https:\/\/www.archiviogiopomodoro.it\/en\/amaretto\/","title":{"rendered":"AMARETTO"},"content":{"rendered":"<h3 style=\"text-align: center;\"><span style=\"font-family: Century Gothic;\"><strong>OPENING<\/strong> Domenica 27 gennaio 2019<strong> h. 18:00<br \/>\nVilla Vertua Masolo<\/strong><\/span><\/h3>\n<div style=\"text-align: center;\"><\/div>\n<div style=\"text-align: center;\"><span style=\"font-family: Century Gothic;\"><span style=\"font-size: small;\">FEDERICO CANTALE\u00a0| GIORGIO DE CHIRICO\u00a0| FILIPPO\u00a0DE\u00a0MARCHI<br \/>\nDITTE\u00a0GENTRIIS\u00a0| RODRIGO\u00a0HERN\u00c1NDEZ\u00a0| BOTOND\u00a0KERESZTESI<br \/>\nMARTIN\u00a0LUK\u00c1\u010c\u00a0| WILLIAM MERANTE | JIMMY MILANI |<br \/>\nGIACOMO MONTANELLI |\u00a0GIOVANNI E GREGORIO NORDIO<br \/>\nGIO&#8217; POMODORO | GIOVANNI RIGGIO | FEDERICO TOSI | BEA VIINAMAKI<\/span><\/span><\/div>\n<div style=\"text-align: center;\"><\/div>\n<div style=\"text-align: center;\"><span style=\"font-family: Century Gothic;\"><span style=\"font-size: small;\"><br \/>\nDomenica 27 Gennaio 2019, h 6 pm<br \/>\n28\/01\/19 &#8211; 10\/02\/19<br \/>\nVilla Vertua Masolo &#8211; Via Garibaldi 1, 20834, Nova Milanese &#8211; MB<\/span><\/span><\/div>\n<p>&nbsp;<\/p>\n<div style=\"text-align: center;\"><\/div>\n<div style=\"text-align: center;\"><\/div>\n<div style=\"text-align: center;\">\n<figure id=\"attachment_232\" aria-describedby=\"caption-attachment-232\" style=\"width: 960px\" class=\"wp-caption alignnone\"><img loading=\"lazy\" decoding=\"async\" class=\"size-full wp-image-232\" src=\"http:\/\/www.archiviogiopomodoro.it\/main\/wp-content\/uploads\/2019\/02\/Amaretto-Pomodoro-Segnasole.jpg\" alt=\"gio' pomodoro, segnasole\" width=\"960\" height=\"720\" srcset=\"https:\/\/www.archiviogiopomodoro.it\/main\/wp-content\/uploads\/2019\/02\/Amaretto-Pomodoro-Segnasole.jpg 960w, https:\/\/www.archiviogiopomodoro.it\/main\/wp-content\/uploads\/2019\/02\/Amaretto-Pomodoro-Segnasole-300x225.jpg 300w, https:\/\/www.archiviogiopomodoro.it\/main\/wp-content\/uploads\/2019\/02\/Amaretto-Pomodoro-Segnasole-768x576.jpg 768w\" sizes=\"auto, (max-width: 960px) 100vw, 960px\" \/><figcaption id=\"caption-attachment-232\" class=\"wp-caption-text\">Photo credit Cosimo Filippini<\/figcaption><\/figure>\n<\/div>\n<div style=\"text-align: center;\"><\/div>\n<div style=\"text-align: center;\"><\/div>\n<div style=\"text-align: center;\"><\/div>\n<div>\n<hr \/>\n<p>&nbsp;<\/p>\n<\/div>\n<h3 style=\"text-align: center;\">Casa Gialla is glad to present Amaretto<\/h3>\n<h3 style=\"text-align: center;\">a project conceived by Giacomo Montanelli<\/h3>\n<p>&nbsp;<\/p>\n<div><span class=\"\"><span style=\"font-family: Century Gothic;\"><span style=\"font-size: small;\">The exhibition tries to suggest a reflection regarding the idea of private art collection of objects showing the domestic dimension of \u201cthings\u201d. In this way, Villa Vertua Masolo appears as a perfect place to think about the sense of the artistic production in order to suggest what can happen to an artwork when is consigned to a collector.\u00a0<\/span><\/span><\/span><\/div>\n<div><span class=\"\"><span style=\"font-family: Century Gothic;\"><span style=\"font-size: small;\">Casa Gialla ha il piacere di presentare Amaretto, un progetto ideato da Giacomo Montanelli.\nLa mostra vuole suggerire una riflessione sulla collezione d'arte e sulla raccolta privata di oggetti, mostrandoci la dimensione domestica delle \"cose\". Villa Vertua Masolo si offre come contesto ideale per una riflessione sul senso della produzione artistica, suggerendoci cosa pu\u00f2 accadere ad un'opera quando si consegna nelle mani del collezionista. \n\n\u00abE ancora mi ricordo l\u2019odore delle azalee che crescevano nei vasi sulle balaustre, fin al piano di sopra dove ci fermavamo lungamente prendendo parte alle continue feste e ricevimenti del nostro ospite. Non c\u2019\u00e8 stato un solo momento in cui qualcuno di noi fosse stato mosso dal sospetto, dal desiderio di abbassare gli occhi al battiscopa e allungare le dita dentro i fori e buchi che, nel buio, apparivano come sviste della servit\u00f9, macchie di cenere dal camino o nodi del legno e chiss\u00e0 cos\u2019altro ancora abbiamo lasciato intendere nel nostro disinteresse. Ripensando a ci\u00f2 che ricordo (e a ci\u00f2 che non posso omettere) dico qui, senza rimorso, di non rimpiangere nell\u2019aver accettato ogni invito, nell\u2019aver preso parte e goduto dell\u2019ospitalit\u00e0 concessami. La piacevolezza nel partecipare e trascorrere l\u00ec il mio tempo mi rinfrancava nel vedermi amico di una cos\u00ec altolocata persona, nel vedermi e sentirmi per brevi istanti nobile, retto e di gusto io stesso. Pi\u00f9 volte mi sono accostato alle alzatine, alle cioccolatiere, alle pirottine ordinate lungo la tavolata senza sedie, sorprendendomi di bont\u00e0 (e fascino) di un rinfresco che raggruppava inconsuetamente disparate sofisticatezze. Raggiungendo poi una lucidit\u00e0 postuma, nessuno (ancora una volta) si era domandato il motivo di tanta ricercatezza, non di rado le uova ripiene, l\u2019uva candita e le tartine al tartufo scivolavano maldestramente sulla scarpa del vicino tra una risata e, talvolta, polemica interminabile. Sostando elegantemente sempre in piedi la scomodit\u00e0 data dall\u2019impiego di entrambe le mani imponeva la ricerca di superfici di accomodo per bicchieri, posateria o semplicemente un appoggio per riposare le gambe. Come in tutti gli eventi che si rispettino l\u2019impedimento tecnico causava talvolta piccoli danni, ricordo lo scivolare dei calici sulle assi del pavimento e il vino macchiarmi tutte le calze. Mi ricordo, l\u00ec per l\u00ec, mortificato e indispettito nell\u2019alzarmi i pantaloni e tamponare il disastro con il mio fazzoletto dalle caviglie fin sul parquet, privo di qualsiasi soccorso mi vedo ancora oggi districare qualche frammento di vetro incastrato dall\u2019incrocio dei laccetti in cuoio. Nonostante questo non di rado passavo i momenti finali del ricevimento sperando e pensando nell\u2019invito al prossimo (scomodo) evento. Fu molto dopo tempo che io smisi di frequentare la sua casa che si diffuse la notizia, non vi prestai molta attenzione, in parte perch\u00e9 non avevo motivo di lamentare nessun abuso, in seconda istanza non mi fu da subito ben chiaro quanto fosse successo e cosa fosse stato scoperto (portato alla luce). Con non poca sorpresa appresi che noi commensali eravamo perduti alla festa di qualcun altro, sostavamo per un attimo in un teatro aperto a sconosciuti invitati che, invisibili e da fuochi prospettici impossibili, facevano della nostra presenza, del nostro camminare lento, l\u2019oggetto del loro piacere e motivato pervertimento. Ed \u00e8 ancora il profumo delle azalee che mi accompagna tutt\u2019oggi, quando ripenso alle persone dietro i muri, con le gote premute sul pavimento delle intercapedini, gli occhi ben fissi negli spioncini del battiscopa che a noi tanto disattentamente erano sembrati, nel buio, sviste della servit\u00f9, macchie di cenere dal camino, nodi del legno.\u00bb Filippo De Marchi\n\nCasa Gialla is glad to present Amaretto, a project conceived by Giacomo Montanelli.\nThe exhibition tries to suggest a reflection regarding the idea of private art collection of objects showing the domestic dimension of \u201cthings\u201d. In this way, Villa Vertua Masolo appears as a perfect place to think about the sense of the artistic production in order to suggest what can happen to an artwork when is consigned to a collector.\n\n\u00abAnd I still remember the smell of the azaleas that grew in the vases on the balustrades, upstairs where we paused taking part in the continuous parties and receptions of our guest.There was not a single moment when some of us were moved by suspicion, by the desire to lower our eyes to the baseboard and stretch our fingers into the holes and cavities.These, in the dark, appeared as oversights of servants, ash stains from the fireplace or knots of the wood and who knows what else we have left hint in our disinterest. <\/span><\/span><\/span><\/div>\n<div><\/div>\n<div><span class=\"\"><span style=\"font-family: Century Gothic;\"><span style=\"font-size: small;\">Looking back to what I remember (and to what I cannot omit) I say here, without remorse, not to regret accepting every invitation, having taken part and enjoyed the hospitality granted to me. The pleasure of participating and spending my time there reassured me to see myself as a friend of such a hi- gh-class person, to see me and feel for short moments a noble, upright and sophisticated person. Several times I approached the backsplashes, the chocolatiers and the cups placed along the table without chairs. Several times I found myself surprising myself with the refinement (and charm) of a banquet that grouped, uncannily, disparate sophistication. Reaching then a posthumous lucidity, no one (yet again) wondered the reason for such sophistication, often the stuffed eggs, the candied grapes and the truffle tartlets slipped awkwardly on the neighbor\u2019s shoe between laughters and sometimes endless controversy. <\/span><\/span><\/span><\/div>\n<div><\/div>\n<div><span class=\"\"><span style=\"font-family: Century Gothic;\"><span style=\"font-size: small;\">We stood elegantly always standing, the inconvenience of using both hands required the search for surfaces for glas- ses, cutlery or simply a rest to rest your legs. As in every remarkable event the technical impediment sometimes caused minor damage, I remember the slipping of the glasses on the floor boards and the wine often staininig all the socks. I remember myself mortified and annoyed to raise my pants and dab the disaster with my handkerchief, from the ankles to the parquet floor. Without any help I still see myself today untangling some fragment of glass from the intersection of leather laces. <\/span><\/span><\/span><\/div>\n<div><\/div>\n<div><span class=\"\"><span style=\"font-family: Century Gothic;\"><span style=\"font-size: small;\">Despite this I often passed the final moments of the reception hoping and thinking in the invitation to the next (inconvenient) event. It was a long time later, when I quitted attending his house, that the news spread, I did not pay much attention in part because I had no reason to complain about any abuse, in the second instance it was not immediately clear what had happened and what had been discovered. Not surprisingly, then I learned that we diners were lost at someone else\u2019s party, stopping for a moment in a thea- ter open to unknown guests who, invisible and from impossible prospective focuses, made our presence, of our slow walking, the object of their pleasure and motivated perversion. <\/span><\/span><\/span><\/div>\n<div><\/div>\n<div><span class=\"\"><span style=\"font-family: Century Gothic;\"><span style=\"font-size: small;\">And it is still the scent of azaleas that still accompanies me, when I think about the people behind the walls, with the cheeks pressed on the floor of the interspaces, the eyes well fixed in the peepholes of the baseboard that we had so carelessly seemed in the dark, servants oversights, ash stains from the chimney, knots of the wood.\u00bb Filippo De Marchi<\/span><\/span><\/span><\/div>","protected":false},"excerpt":{"rendered":"<p>OPENING Domenica 27 gennaio 2019 h. 18:00 Villa Vertua Masolo FEDERICO CANTALE\u00a0| GIORGIO DE CHIRICO\u00a0| FILIPPO\u00a0DE\u00a0MARCHI DITTE\u00a0GENTRIIS\u00a0| RODRIGO\u00a0HERN\u00c1NDEZ\u00a0| BOTOND\u00a0KERESZTESI MARTIN\u00a0LUK\u00c1\u010c\u00a0| WILLIAM MERANTE | JIMMY MILANI | GIACOMO MONTANELLI |\u00a0GIOVANNI E &#8230;<\/p>","protected":false},"author":1,"featured_media":229,"comment_status":"closed","ping_status":"open","sticky":false,"template":"","format":"standard","meta":{"footnotes":""},"categories":[5],"tags":[],"class_list":["post-187","post","type-post","status-publish","format-standard","has-post-thumbnail","hentry","category-news-dallarchivio"],"_links":{"self":[{"href":"https:\/\/www.archiviogiopomodoro.it\/en\/wp-json\/wp\/v2\/posts\/187","targetHints":{"allow":["GET"]}}],"collection":[{"href":"https:\/\/www.archiviogiopomodoro.it\/en\/wp-json\/wp\/v2\/posts"}],"about":[{"href":"https:\/\/www.archiviogiopomodoro.it\/en\/wp-json\/wp\/v2\/types\/post"}],"author":[{"embeddable":true,"href":"https:\/\/www.archiviogiopomodoro.it\/en\/wp-json\/wp\/v2\/users\/1"}],"replies":[{"embeddable":true,"href":"https:\/\/www.archiviogiopomodoro.it\/en\/wp-json\/wp\/v2\/comments?post=187"}],"version-history":[{"count":13,"href":"https:\/\/www.archiviogiopomodoro.it\/en\/wp-json\/wp\/v2\/posts\/187\/revisions"}],"predecessor-version":[{"id":195,"href":"https:\/\/www.archiviogiopomodoro.it\/en\/wp-json\/wp\/v2\/posts\/187\/revisions\/195"}],"wp:featuredmedia":[{"embeddable":true,"href":"https:\/\/www.archiviogiopomodoro.it\/en\/wp-json\/wp\/v2\/media\/229"}],"wp:attachment":[{"href":"https:\/\/www.archiviogiopomodoro.it\/en\/wp-json\/wp\/v2\/media?parent=187"}],"wp:term":[{"taxonomy":"category","embeddable":true,"href":"https:\/\/www.archiviogiopomodoro.it\/en\/wp-json\/wp\/v2\/categories?post=187"},{"taxonomy":"post_tag","embeddable":true,"href":"https:\/\/www.archiviogiopomodoro.it\/en\/wp-json\/wp\/v2\/tags?post=187"}],"curies":[{"name":"wp","href":"https:\/\/api.w.org\/{rel}","templated":true}]}}